{"id":347,"date":"2014-07-03T07:55:34","date_gmt":"2014-07-03T07:55:34","guid":{"rendered":"http:\/\/www.consedoc.com\/www\/2014\/07\/03\/dr-sam-black-1915-1999-segundo-presidente\/"},"modified":"2014-07-03T07:55:34","modified_gmt":"2014-07-03T07:55:34","slug":"dr-sam-black-1915-1999-segundo-presidente","status":"publish","type":"post","link":"http:\/\/www.consedoc.com\/www\/?p=347","title":{"rendered":"Dr. Sam Black (1915-1999) Segundo Presidente fundador del CONSEDOC instituci\u00f3n fundada en 1993"},"content":{"rendered":"<p style=\"text-align: justify;\"><em style=\"border: 0px; outline: 0px; vertical-align: baseline; margin: 0px; padding: 0px; color: #525253; font-family: Arial, Helvetica, sans-serif; line-height: 18px;\">Curr\u00edculum Vitae Resumido<\/em><\/p>\n<p style=\"text-align: justify;\"><span style=\"font-family: Arial, Helvetica, sans-serif; line-height: normal;\"><img loading=\"lazy\" class=\" alignleft size-full wp-image-346\" style=\"width: 200px; height: 301px; float: left; border-width: 2px; border-style: solid;\" src=\"http:\/\/www.consedoc.com\/www\/wp-content\/uploads\/2014\/07\/Sam_Black.png\" alt=\"\" width=\"200\" height=\"301\" srcset=\"http:\/\/www.consedoc.com\/www\/wp-content\/uploads\/2014\/07\/Sam_Black.png 200w, http:\/\/www.consedoc.com\/www\/wp-content\/uploads\/2014\/07\/Sam_Black-199x300.png 199w\" sizes=\"(max-width: 200px) 100vw, 200px\" \/>Profesor de Relaciones P\u00fablicas en las Universidades de Stirling y Exeter, naci\u00f3 en Londres en 1915. Junto con su\u00a0contempor\u00e1neo el Dr.\u00a0Edward Bernays, Sam Black\u00a0es reconocido como uno de los padres fundadores de las relaciones p\u00fablicas a nivel internacional y como una clave pensador y contribuyente al desarrollo de las relaciones p\u00fablicas como una disciplina de las ciencias de gesti\u00f3n \u00e9tica y rigurosa en el Reino Unido, con un lugar establecido en el plan de estudios de la Universidad.\u00a0<\/span><span style=\"font-family: Arial, Helvetica, sans-serif; line-height: normal;\">Jug\u00f3 un papel decisivo en la creaci\u00f3n del Instituto de Relaciones P\u00fablicas (DPI) en el Reino Unido en 1948 y en su adopci\u00f3n de un c\u00f3digo de \u00e9tica profesional para los miembros.\u00a0<\/span><span style=\"font-family: Arial, Helvetica, sans-serif; line-height: normal;\">Un escritor activo y conferenciante sobre su tema, Black\u00a0dado numerosas conferencias en todo el mundo y escribi\u00f3 m\u00e1s de una docena de libros sobre temas de relaciones p\u00fablicas (en varios idiomas) junto a numerosos art\u00edculos que aparecen en una variedad de publicaciones de todo el mundo. <\/span><\/p>\n<p style=\"text-align: justify;\"><span style=\"font-family: Arial, Helvetica, sans-serif; line-height: normal;\">Black<\/span><span style=\"font-family: Arial, Helvetica, sans-serif; line-height: normal;\">\u00a0disfrut\u00f3 de una larga asociaci\u00f3n con asociaciones industriales y comerciales brit\u00e1nicos y contribuy\u00f3 a la Junta de Comercio iniciativa para animar a las compa\u00f1\u00edas brit\u00e1nicas a exponer en el extranjero mediante la organizaci\u00f3n de m\u00e1s de 100 exposiciones en el extranjero para el Consejo, por el que fue galardonado con un MBE por sus servicios a exportar en 1969.<\/span><\/p>\n<p style=\"text-align: justify;\"><span style=\"font-family: Arial, Helvetica, sans-serif; line-height: normal;\">Black\u00a0campa\u00f1a desde la d\u00e9cada de 1980 para la introducci\u00f3n de las relaciones p\u00fablicas como una disciplina de gesti\u00f3n en las universidades, teniendo \u00e9xito en 1988 con el establecimiento del primer programa de relaciones p\u00fablicas en Europa Masters en la Universidad de Stirling.<\/span><\/p>\n","protected":false},"excerpt":{"rendered":"<p>Curr\u00edculum Vitae Resumido Profesor de Relaciones P\u00fablicas en las Universidades de Stirling y Exeter, naci\u00f3 en Londres en 1915. Junto con su\u00a0contempor\u00e1neo el Dr.\u00a0Edward Bernays, Sam Black\u00a0es reconocido como uno de los padres fundadores de las relaciones p\u00fablicas a nivel internacional y como una clave pensador y contribuyente al desarrollo de las relaciones p\u00fablicas como [&hellip;]<\/p>\n","protected":false},"author":1,"featured_media":346,"comment_status":"open","ping_status":"open","sticky":false,"template":"","format":"standard","meta":[],"categories":[33],"tags":[],"_links":{"self":[{"href":"http:\/\/www.consedoc.com\/www\/index.php?rest_route=\/wp\/v2\/posts\/347"}],"collection":[{"href":"http:\/\/www.consedoc.com\/www\/index.php?rest_route=\/wp\/v2\/posts"}],"about":[{"href":"http:\/\/www.consedoc.com\/www\/index.php?rest_route=\/wp\/v2\/types\/post"}],"author":[{"embeddable":true,"href":"http:\/\/www.consedoc.com\/www\/index.php?rest_route=\/wp\/v2\/users\/1"}],"replies":[{"embeddable":true,"href":"http:\/\/www.consedoc.com\/www\/index.php?rest_route=%2Fwp%2Fv2%2Fcomments&post=347"}],"version-history":[{"count":0,"href":"http:\/\/www.consedoc.com\/www\/index.php?rest_route=\/wp\/v2\/posts\/347\/revisions"}],"wp:featuredmedia":[{"embeddable":true,"href":"http:\/\/www.consedoc.com\/www\/index.php?rest_route=\/wp\/v2\/media\/346"}],"wp:attachment":[{"href":"http:\/\/www.consedoc.com\/www\/index.php?rest_route=%2Fwp%2Fv2%2Fmedia&parent=347"}],"wp:term":[{"taxonomy":"category","embeddable":true,"href":"http:\/\/www.consedoc.com\/www\/index.php?rest_route=%2Fwp%2Fv2%2Fcategories&post=347"},{"taxonomy":"post_tag","embeddable":true,"href":"http:\/\/www.consedoc.com\/www\/index.php?rest_route=%2Fwp%2Fv2%2Ftags&post=347"}],"curies":[{"name":"wp","href":"https:\/\/api.w.org\/{rel}","templated":true}]}}